{"id":13,"date":"2008-03-27T19:35:27","date_gmt":"2008-03-28T00:35:27","guid":{"rendered":"https:\/\/rafael.bonifaz.ec\/blog\/2008\/03\/27\/mi-prediccion-sobre-la-guerra-mundial-de-los-formatos\/"},"modified":"2008-03-30T19:33:29","modified_gmt":"2008-03-31T00:33:29","slug":"mi-prediccion-sobre-la-guerra-mundial-de-los-formatos","status":"publish","type":"post","link":"https:\/\/rafael.bonifaz.ec\/blog\/2008\/03\/mi-prediccion-sobre-la-guerra-mundial-de-los-formatos\/","title":{"rendered":"Mi predicci\u00f3n sobre la guerra mundial de los formatos"},"content":{"rendered":"<p><a href=\"https:\/\/rafael.bonifaz.ec\/blog\/wp-content\/uploads\/2008\/03\/mapa-iso.png\"><br \/>\n<img decoding=\"async\" src=\"https:\/\/rafael.bonifaz.ec\/blog\/wp-content\/uploads\/2008\/03\/mapa-iso-mediano.png\" alt=\"Mi pronostico\" align=\"middle\" border=\"0\" \/><br \/>\n<\/a><\/p>\n<p>Todos estamos ansiosos de saber que va a pasar este s\u00e1bado 29 cuando ya sepamos los resultados finales en ISO. As\u00ed que he decidido hacer mi pron\u00f3stico sobre que es lo que va a pasar. Para que el est\u00e1ndar se apruebe se debe cumplir 2 criterios:<\/p>\n<ol>\n<li>Deben votar a favor 2\/3 de los pa\u00edses p.<\/li>\n<li>No deben votar m\u00e1s de 1\/4 de todos los miembros en contra de todos los miembros.<\/li>\n<\/ol>\n<p>En mi opini\u00f3n el criterio 2 es muy probable que se cumpla.  El criterio 1 es m\u00e1s probable que no se cumpla y a continuaci\u00f3n pueden ver mi predicci\u00f3n sobre este criterio: <!--more--><\/p>\n<table border=\"1\">\n<tr>\n<th><\/th>\n<th>A favor<\/th>\n<th>En contra<\/th>\n<th>Abstenci\u00f3n<\/th>\n<\/tr>\n<tr>\n<th valign=\"top\">Pa\u00edses<\/th>\n<td valign=\"top\">\n<ul>\n<li>Azerbaijan<\/li>\n<li>Costa de Marfil<\/li>\n<li>Cyprus<\/li>\n<li>Rep\u00fablica Checa<\/li>\n<li>Dinamarca<\/li>\n<li>Finlandia<\/li>\n<li>Alemania<\/li>\n<li>Jamaica<\/li>\n<li>kazakhastan<\/li>\n<li>Libano<\/li>\n<li>Malta<\/li>\n<li>Pakistan<\/li>\n<li>Arabia Saudita<\/li>\n<li>Singapur<\/li>\n<li>Suiza<\/li>\n<li>Turqu\u00eda<\/li>\n<li>Reino Unido<\/li>\n<li>Estados Unidos<\/li>\n<li>Uruguay<\/li>\n<\/ul>\n<\/td>\n<td valign=\"top\">\n<ul>\n<li>Canada<\/li>\n<li>China<\/li>\n<li>Ecuador<\/li>\n<li>Francia<\/li>\n<li>India<\/li>\n<li>Ir\u00e1n<\/li>\n<li>Irlanda<\/li>\n<li>Jap\u00f3n<\/li>\n<li>Nueva Zelanda<\/li>\n<li>Noruega<\/li>\n<li>Sud \u00c1frica<\/li>\n<li>Korea del Sur Venezuela<\/li>\n<li>Venezuela<\/li>\n<\/ul>\n<\/td>\n<td valign=\"top\">\n<ul>\n<li>Australia<\/li>\n<li>B\u00e9lgica<\/li>\n<li>Italia<\/li>\n<li>Kenya<\/li>\n<li>Malasia<\/li>\n<li>Holanda<\/li>\n<li>Eslovenia<\/li>\n<li>Espa\u00f1a<\/li>\n<li>Trinidad y Tobago<\/li>\n<\/ul>\n<\/td>\n<\/tr>\n<tr>\n<th>Votos<\/th>\n<td>19<\/td>\n<td>13<\/td>\n<td>9<\/td>\n<\/tr>\n<tr>\n<th>Porcentaje sin abstenciones<\/th>\n<td>59.37 %<\/td>\n<td>40.63%<\/td>\n<td>&#8211;<\/td>\n<\/tr>\n<\/table>\n<p>Seg\u00fan mis predicciones el est\u00e1ndar no se aprobar\u00e1 con el criterio 1 que deber\u00eda ser el 66.67%.<\/p>\n<p>Es importante notar que esto no es informaci\u00f3n oficial y son mis predicciones. En especial espero que Venezuela cambie de voto como ya lo hizo Cuba. Pa\u00edses como Dinamarca podr\u00edan cambiar a la abstenci\u00f3n o al s\u00ed.<\/p>\n<p>Si les interesa hacer su propio pron\u00f3stico les recomiendo este visten jugar un poco con esta <a href=\"http:\/\/www.iso-vote.com\/\" title=\"ISO VOTE\" target=\"_blank\">aplicaci\u00f3n.  <\/a>Tambi\u00e9n puede ser interesante el an\u00e1lisis de <a href=\"http:\/\/www.openmalaysiablog.com\/2008\/03\/the-last-lap.html\">Open Malasya Blog<\/a> que esta un poco desactualizado.<\/p>\n<h3 class='related_post_title'>Art\u00edculos relacionados<\/h3><ul class='related_post'><li><a href=\"https:\/\/rafael.bonifaz.ec\/blog\/2014\/10\/el-espionaje-informatico-y-el-rol-de-los-medios-de-comunicacion\/\" title=\"El Espionaje Inform\u00e1tico y el rol de los Medios de Comunicaci\u00f3n\">El Espionaje Inform\u00e1tico y el rol de los Medios de Comunicaci\u00f3n<\/a><\/li><li><a href=\"https:\/\/rafael.bonifaz.ec\/blog\/2013\/09\/yachay-ciudad-del-conocimiento-o-marketing-corporativo\/\" title=\"Yachay \u00bfCiudad del Conocimiento o Marketing Corporativo?\">Yachay \u00bfCiudad del Conocimiento o Marketing Corporativo?<\/a><\/li><li><a href=\"https:\/\/rafael.bonifaz.ec\/blog\/2008\/04\/windows-vista-enemigo-del-medio-ambiete\/\" title=\"Windows Vista enemigo del Medio Ambiente\">Windows Vista enemigo del Medio Ambiente<\/a><\/li><\/ul>","protected":false},"excerpt":{"rendered":"<p>Todos estamos ansiosos de saber que va a pasar este s\u00e1bado 29 cuando ya sepamos los resultados finales en ISO. As\u00ed que he decidido hacer mi pron\u00f3stico sobre que es lo que va a pasar. Para que el est\u00e1ndar se apruebe se debe cumplir 2 criterios: Deben votar a favor 2\/3 de los pa\u00edses p. [&hellip;]<\/p>\n","protected":false},"author":1,"featured_media":0,"comment_status":"open","ping_status":"open","sticky":false,"template":"","format":"standard","meta":{"activitypub_content_warning":"","activitypub_content_visibility":"","activitypub_max_image_attachments":4,"activitypub_interaction_policy_quote":"anyone","activitypub_status":"","footnotes":""},"categories":[1,3],"tags":[9],"class_list":["post-13","post","type-post","status-publish","format-standard","hentry","category-general","category-software-libre","tag-microsoft"],"_links":{"self":[{"href":"https:\/\/rafael.bonifaz.ec\/blog\/wp-json\/wp\/v2\/posts\/13","targetHints":{"allow":["GET"]}}],"collection":[{"href":"https:\/\/rafael.bonifaz.ec\/blog\/wp-json\/wp\/v2\/posts"}],"about":[{"href":"https:\/\/rafael.bonifaz.ec\/blog\/wp-json\/wp\/v2\/types\/post"}],"author":[{"embeddable":true,"href":"https:\/\/rafael.bonifaz.ec\/blog\/wp-json\/wp\/v2\/users\/1"}],"replies":[{"embeddable":true,"href":"https:\/\/rafael.bonifaz.ec\/blog\/wp-json\/wp\/v2\/comments?post=13"}],"version-history":[{"count":0,"href":"https:\/\/rafael.bonifaz.ec\/blog\/wp-json\/wp\/v2\/posts\/13\/revisions"}],"wp:attachment":[{"href":"https:\/\/rafael.bonifaz.ec\/blog\/wp-json\/wp\/v2\/media?parent=13"}],"wp:term":[{"taxonomy":"category","embeddable":true,"href":"https:\/\/rafael.bonifaz.ec\/blog\/wp-json\/wp\/v2\/categories?post=13"},{"taxonomy":"post_tag","embeddable":true,"href":"https:\/\/rafael.bonifaz.ec\/blog\/wp-json\/wp\/v2\/tags?post=13"}],"curies":[{"name":"wp","href":"https:\/\/api.w.org\/{rel}","templated":true}]}}