{"id":4872,"date":"2018-11-28T13:07:56","date_gmt":"2018-11-28T16:07:56","guid":{"rendered":"https:\/\/rafael.bonifaz.ec\/blog\/?p=4872"},"modified":"2018-11-28T13:07:56","modified_gmt":"2018-11-28T16:07:56","slug":"nuevas-tecnologias-en-la-educacion-neutralidad-o-politicas-pedagogicas-un-abordaje-desde-la-pedagogia-de-paulo-freire","status":"publish","type":"post","link":"https:\/\/rafael.bonifaz.ec\/blog\/2018\/11\/nuevas-tecnologias-en-la-educacion-neutralidad-o-politicas-pedagogicas-un-abordaje-desde-la-pedagogia-de-paulo-freire\/","title":{"rendered":"Nuevas Tecnolog\u00edas en la educaci\u00f3n: \u00bfneutralidad o pol\u00edticas pedag\u00f3gicas? Un abordaje desde la Pedagog\u00eda de Paulo Freire"},"content":{"rendered":"<p>En conjunto con Jorge Santos y Luci Teresinha Marchiori dos Santos Bernardi publicamos un art\u00edculo acad\u00e9mico con una visi\u00f3n cr\u00edtica sobre la tecnolog\u00eda y la educaci\u00f3n. El mismo puede ser <a href=\"https:\/\/relatec.unex.es\/article\/view\/2938\" target=\"_blank\" rel=\"noopener\">descargado ac\u00e1<\/a> y el resumen esta ac\u00e1:<\/p>\n<blockquote><p>El art\u00edculo tiene como objetivo abordar la incorporaci\u00f3n de nuevas tecnolog\u00edas de la\u00a0 comunicaci\u00f3n e informaci\u00f3n (TIC) al \u00e1mbito de la educaci\u00f3n, especialmente en el contexto latinoamericano. La intenci\u00f3n es discutir la concepci\u00f3n ingenua sobre las TIC que las entiende como pol\u00edtico-pedag\u00f3gicamente neutrales. A tal fin, tomaremos como marco te\u00f3rico la pedagog\u00eda de la liberaci\u00f3n elaborada por Paulo Freire. Si bien la problem\u00e1tica no se corresponde temporalmente con la reflexi\u00f3n del educador brasilero, su pensamiento contiene algunos principios pedag\u00f3gicos que permiten abordarla. Uno de ellos es el car\u00e1cter intr\u00ednsecamente pol\u00edtico de la educaci\u00f3n: la educaci\u00f3n no es neutral, se educa pensando en un tipo de ciudadano para que se desempe\u00f1e en un tipo de sociedad. El art\u00edculo plantea cuatro discusiones de alto contenido pol\u00edtico-pedag\u00f3gico con respecto a las TIC: software libre vs. software propietario (o copyrigth vs copyleft); comunidad de pares vs. relaci\u00f3n servidor-empresa\/usuarios-clientes; informaci\u00f3n y comunicaci\u00f3n libre y segura vs. espionaje masivo; comunidad de conocimiento vs. neocolonialidad del saber. Planteadas las alternativas y atendiendo a la perspectiva freireana se opta por el paradigma en TIC que consideramos pedag\u00f3gica, \u00e9tica y t\u00e9cnicamente m\u00e1s adecuado para el \u00e1mbito de la educaci\u00f3n especialmente en los pa\u00edses del contexto latinoamericano.<\/p><\/blockquote>\n<h3 class='related_post_title'>Art\u00edculos relacionados<\/h3><ul class='related_post'><li><a href=\"https:\/\/rafael.bonifaz.ec\/blog\/2024\/03\/volver-a-lo-basico-la-importancia-de-delimitar-nuestros-espacios-de-exposicion\/\" title=\"Volver a lo b\u00e1sico: la importancia de delimitar nuestros espacios de exposici\u00f3n\">Volver a lo b\u00e1sico: la importancia de delimitar nuestros espacios de exposici\u00f3n<\/a><\/li><li><a href=\"https:\/\/rafael.bonifaz.ec\/blog\/2020\/03\/nextcloud-onlyoffice\/\" title=\"Nextcloud + OnlyOffice\">Nextcloud + OnlyOffice<\/a><\/li><li><a href=\"https:\/\/rafael.bonifaz.ec\/blog\/2019\/09\/nube-propia-con-nextcloud-y-tor-2-configuracion-cliente\/\" title=\"\u2018Nube\u2019 propia con Nextcloud y Tor (2): Configuraci\u00f3n Cliente\">\u2018Nube\u2019 propia con Nextcloud y Tor (2): Configuraci\u00f3n Cliente<\/a><\/li><\/ul>","protected":false},"excerpt":{"rendered":"<p>En conjunto con Jorge Santos y Luci Teresinha Marchiori dos Santos Bernardi publicamos un art\u00edculo acad\u00e9mico con una visi\u00f3n cr\u00edtica sobre la tecnolog\u00eda y la educaci\u00f3n. El mismo puede ser descargado ac\u00e1 y el resumen esta ac\u00e1: El art\u00edculo tiene como objetivo abordar la incorporaci\u00f3n de nuevas tecnolog\u00edas de la\u00a0 comunicaci\u00f3n e informaci\u00f3n (TIC) al [&hellip;]<\/p>\n","protected":false},"author":1,"featured_media":0,"comment_status":"open","ping_status":"open","sticky":false,"template":"","format":"standard","meta":{"activitypub_content_warning":"","activitypub_content_visibility":"","activitypub_max_image_attachments":4,"activitypub_interaction_policy_quote":"anyone","activitypub_status":"","footnotes":""},"categories":[121,3],"tags":[28,181,172],"class_list":["post-4872","post","type-post","status-publish","format-standard","hentry","category-privacidad","category-software-libre","tag-educacion","tag-privacidad","tag-software-libre"],"_links":{"self":[{"href":"https:\/\/rafael.bonifaz.ec\/blog\/wp-json\/wp\/v2\/posts\/4872","targetHints":{"allow":["GET"]}}],"collection":[{"href":"https:\/\/rafael.bonifaz.ec\/blog\/wp-json\/wp\/v2\/posts"}],"about":[{"href":"https:\/\/rafael.bonifaz.ec\/blog\/wp-json\/wp\/v2\/types\/post"}],"author":[{"embeddable":true,"href":"https:\/\/rafael.bonifaz.ec\/blog\/wp-json\/wp\/v2\/users\/1"}],"replies":[{"embeddable":true,"href":"https:\/\/rafael.bonifaz.ec\/blog\/wp-json\/wp\/v2\/comments?post=4872"}],"version-history":[{"count":1,"href":"https:\/\/rafael.bonifaz.ec\/blog\/wp-json\/wp\/v2\/posts\/4872\/revisions"}],"predecessor-version":[{"id":4873,"href":"https:\/\/rafael.bonifaz.ec\/blog\/wp-json\/wp\/v2\/posts\/4872\/revisions\/4873"}],"wp:attachment":[{"href":"https:\/\/rafael.bonifaz.ec\/blog\/wp-json\/wp\/v2\/media?parent=4872"}],"wp:term":[{"taxonomy":"category","embeddable":true,"href":"https:\/\/rafael.bonifaz.ec\/blog\/wp-json\/wp\/v2\/categories?post=4872"},{"taxonomy":"post_tag","embeddable":true,"href":"https:\/\/rafael.bonifaz.ec\/blog\/wp-json\/wp\/v2\/tags?post=4872"}],"curies":[{"name":"wp","href":"https:\/\/api.w.org\/{rel}","templated":true}]}}