{"id":821,"date":"2013-03-07T13:09:42","date_gmt":"2013-03-07T18:09:42","guid":{"rendered":"https:\/\/rafael.bonifaz.ec\/blog\/?p=821"},"modified":"2013-03-11T12:19:42","modified_gmt":"2013-03-11T17:19:42","slug":"redes-sociales-descentralizadas","status":"publish","type":"post","link":"https:\/\/rafael.bonifaz.ec\/blog\/2013\/03\/redes-sociales-descentralizadas\/","title":{"rendered":"Redes Sociales Descentralizadas"},"content":{"rendered":"<p>Hace pocas semanas fueron las elecciones y las redes sociales fueron un instrumento de campa\u00f1a. Personalmente, participe en el experimento de <a title=\"Carta Abierta a la Comunidad de Software Libre de Ecuador\" href=\"https:\/\/rafael.bonifaz.ec\/blog\/2013\/02\/carta-abierta-a-la-comunidad-de-software-libre-de-ecuador\/\" target=\"_blank\">hacer una campa\u00f1a en favor del software libre a los candidatos<\/a>. Los resultados fueron muy interesantes, consegu\u00edmos que 2 candidatos presidenciales y varios a asambleistas se pronuncien sobre el tema <a title=\"#EcuadorSL los candidatos responden\" href=\"https:\/\/rafael.bonifaz.ec\/blog\/2013\/02\/ecuadorsl-candidatos-responde\/\" target=\"_blank\">y dejen un registro hist\u00f3rico<\/a>. Cuando est\u00e9n en el poder, podremos ver si dec\u00edan la verdad o no. Al final se pudo aclarar el panorama pol\u00edtico de<a title=\"4 Presidenciables apoyan el Software Libre en Ecuador\" href=\"https:\/\/rafael.bonifaz.ec\/blog\/2013\/02\/4-presidenciables-apoyan-el-software-libre-en-ecuador\/\" target=\"_blank\"> qui\u00e9n apoya el Software Libre y qui\u00e9n no<\/a>.<\/p>\n<p>Si bien este experimento fue fascinante, tuvo un problema grave que la mayor\u00eda de gente no le da importancia. El lugar donde se produce el debate pol\u00edtico ecuatoriano m\u00e1s interesante en Internet se llama Twitter. Esto quiere decir que para tener discusi\u00f3n pol\u00edtica dependemos de una sola transnacional que esta en otra parte del mundo. Puede que muchos crean que as\u00ed es como tiene que ser el Internet. Para mi esto no es suficiente.<\/p>\n<p>Vengo del mundo del Software Libre y estoy convencido en la importancia de la independencia tecnol\u00f3gica. Sue\u00f1o que en las pr\u00f3ximas elecciones cada movimiento pol\u00edtico tenga su propia red social de <a href=\"http:\/\/es.wikipedia.org\/wiki\/Microblogging\" target=\"_blank\">microblog<\/a> donde pueden tener discusi\u00f3n p\u00fablica\u00a0 y privada. Que las ONGs, empresas o individuos tengan la posibilidad de agruparse en sus propias red sociales y que estos a su vez puedan interactuar con otras redes. Seguro habr\u00e1 una gran cantidad que seguir\u00e1n encerrados en Facebook\u00a0 y se seguir\u00e1 usando Twitter. Desde la red social propia de cada organizaci\u00f3n se puede publicar ese mensaje a las dem\u00e1s.<!--more--><\/p>\n<p>Todo esto se puede hacer con un programa libre llamado <a href=\"http:\/\/status.net\/\" target=\"_blank\">Status.net<\/a> pensado para que las redes de microblog interact\u00faen entre s\u00ed. Como se puede ver en la imagen.<\/p>\n<div id=\"attachment_823\" style=\"width: 827px\" class=\"wp-caption alignnone\"><a href=\"https:\/\/rafael.bonifaz.ec\/blog\/wp-content\/uploads\/2013\/02\/status.net_.png\"><img loading=\"lazy\" decoding=\"async\" aria-describedby=\"caption-attachment-823\" class=\"size-full wp-image-823\" alt=\"Red social descentralizada\" src=\"https:\/\/rafael.bonifaz.ec\/blog\/wp-content\/uploads\/2013\/02\/status.net_.png\" width=\"817\" height=\"388\" srcset=\"https:\/\/rafael.bonifaz.ec\/blog\/wp-content\/uploads\/2013\/02\/status.net_.png 817w, https:\/\/rafael.bonifaz.ec\/blog\/wp-content\/uploads\/2013\/02\/status.net_-300x142.png 300w, https:\/\/rafael.bonifaz.ec\/blog\/wp-content\/uploads\/2013\/02\/status.net_-500x237.png 500w\" sizes=\"auto, (max-width: 817px) 100vw, 817px\" \/><\/a><p id=\"caption-attachment-823\" class=\"wp-caption-text\">Red social descentralizada<\/p><\/div>\n<p>La idea es tener algo similar a lo que se tiene con el correo electr\u00f3nico. Que alguien tenga un correo juan@midominio.com puede comunicarse con alguien que tiene un correo miguel@otrodominio.com. Cada cu\u00e1l en servidores de correo independientes. El mismo concepto se puede aplicar al microblog.<\/p>\n<p>De esta manera nadie tiene m\u00e1s poder que otro. Es casi imposible que un grupo censure al otro simplemente porque no tiene poder sobre la infraestructura del otro grupo. Es mucho m\u00e1s dif\u00edcil espiar en la comunicaci\u00f3n privada entre grupos. Con Twitter no existe comunicaci\u00f3n privada, todo es accesible por Twitter.<\/p>\n<p>Hay otras ventajas en usar Status.net. La \u00fanica ventaja real que yo veo de Twitter sobre las redes hechas con Status.net es la gente. Ser\u00eda interesante que para las pr\u00f3ximas elecciones los movimientos pol\u00edticos utilicen sus propias redes sociales de Microblog y Blogs para llegar con sus propuestas a las ciudadan\u00eda.<\/p>\n<p>Si alguien quiere probar Status.net lo puede hacer a trav\u00e9s de la red social <a href=\"http:\/\/identi.ca\/\" target=\"_blank\">identi.ca<\/a>. Esta red social es muy parecida a Twitter y adem\u00e1s se puede interactuar entre las 2. A mi me pueden encontrar como <a href=\"http:\/\/identi.ca\/rbonifaz\" target=\"_blank\">@rbonifaz<\/a>.<\/p>\n<h3 class='related_post_title'>Art\u00edculos relacionados<\/h3><ul class='related_post'><li><a href=\"https:\/\/rafael.bonifaz.ec\/blog\/2009\/07\/identi-ca-y-los-grupos\/\" title=\"Identi.ca y los Grupos\">Identi.ca y los Grupos<\/a><\/li><li><a href=\"https:\/\/rafael.bonifaz.ec\/blog\/2024\/03\/volver-a-lo-basico-la-importancia-de-delimitar-nuestros-espacios-de-exposicion\/\" title=\"Volver a lo b\u00e1sico: la importancia de delimitar nuestros espacios de exposici\u00f3n\">Volver a lo b\u00e1sico: la importancia de delimitar nuestros espacios de exposici\u00f3n<\/a><\/li><li><a href=\"https:\/\/rafael.bonifaz.ec\/blog\/2013\/08\/bloquado-por-twitter\/\" title=\"Bloqueado por Twitter\">Bloqueado por Twitter<\/a><\/li><\/ul>","protected":false},"excerpt":{"rendered":"<p>Hace pocas semanas fueron las elecciones y las redes sociales fueron un instrumento de campa\u00f1a. Personalmente, participe en el experimento de hacer una campa\u00f1a en favor del software libre a los candidatos. Los resultados fueron muy interesantes, consegu\u00edmos que 2 candidatos presidenciales y varios a asambleistas se pronuncien sobre el tema y dejen un registro [&hellip;]<\/p>\n","protected":false},"author":1,"featured_media":0,"comment_status":"open","ping_status":"open","sticky":false,"template":"","format":"standard","meta":{"activitypub_content_warning":"","activitypub_content_visibility":"","activitypub_max_image_attachments":4,"activitypub_interaction_policy_quote":"anyone","activitypub_status":"","footnotes":""},"categories":[10,48,1,3],"tags":[57,133,172,59],"class_list":["post-821","post","type-post","status-publish","format-standard","hentry","category-asle","category-comunicaciones","category-general","category-software-libre","tag-identi-ca","tag-redes-sociales","tag-software-libre","tag-twitter"],"_links":{"self":[{"href":"https:\/\/rafael.bonifaz.ec\/blog\/wp-json\/wp\/v2\/posts\/821","targetHints":{"allow":["GET"]}}],"collection":[{"href":"https:\/\/rafael.bonifaz.ec\/blog\/wp-json\/wp\/v2\/posts"}],"about":[{"href":"https:\/\/rafael.bonifaz.ec\/blog\/wp-json\/wp\/v2\/types\/post"}],"author":[{"embeddable":true,"href":"https:\/\/rafael.bonifaz.ec\/blog\/wp-json\/wp\/v2\/users\/1"}],"replies":[{"embeddable":true,"href":"https:\/\/rafael.bonifaz.ec\/blog\/wp-json\/wp\/v2\/comments?post=821"}],"version-history":[{"count":6,"href":"https:\/\/rafael.bonifaz.ec\/blog\/wp-json\/wp\/v2\/posts\/821\/revisions"}],"predecessor-version":[{"id":860,"href":"https:\/\/rafael.bonifaz.ec\/blog\/wp-json\/wp\/v2\/posts\/821\/revisions\/860"}],"wp:attachment":[{"href":"https:\/\/rafael.bonifaz.ec\/blog\/wp-json\/wp\/v2\/media?parent=821"}],"wp:term":[{"taxonomy":"category","embeddable":true,"href":"https:\/\/rafael.bonifaz.ec\/blog\/wp-json\/wp\/v2\/categories?post=821"},{"taxonomy":"post_tag","embeddable":true,"href":"https:\/\/rafael.bonifaz.ec\/blog\/wp-json\/wp\/v2\/tags?post=821"}],"curies":[{"name":"wp","href":"https:\/\/api.w.org\/{rel}","templated":true}]}}